{"id":1985,"date":"2023-01-31T13:35:59","date_gmt":"2023-01-31T13:35:59","guid":{"rendered":"https:\/\/www.dlasl.es\/es\/?p=1985"},"modified":"2023-01-31T13:35:59","modified_gmt":"2023-01-31T13:35:59","slug":"como-evitar-la-infeccion-de-la-tina-del-cuero-cabelludo","status":"publish","type":"post","link":"https:\/\/www.dlasl.es\/es\/como-evitar-la-infeccion-de-la-tina-del-cuero-cabelludo\/","title":{"rendered":"C\u00f3mo evitar la infecci\u00f3n de la Ti\u00f1a del Cuero Cabelludo"},"content":{"rendered":"\n<div data-elementor-type=\"wp-post\" data-elementor-id=\"1985\" class=\"elementor elementor-1985\">\n<section class=\"elementor-section elementor-top-section elementor-element elementor-element-356f1cf elementor-section-boxed elementor-section-height-default elementor-section-height-default\" data-id=\"356f1cf\" data-element_type=\"section\">\n<div class=\"elementor-container elementor-column-gap-default\">\n<div class=\"elementor-column elementor-col-66 elementor-top-column elementor-element elementor-element-6214a64\" data-id=\"6214a64\" data-element_type=\"column\">\n<div class=\"elementor-widget-wrap elementor-element-populated\">\n<div class=\"elementor-element elementor-element-b65db9a elementor-widget elementor-widget-image\" data-id=\"b65db9a\" data-element_type=\"widget\" data-widget_type=\"image.default\">\n<div class=\"elementor-widget-container\">\n<style>\/*! elementor - v3.7.8 - 02-10-2022 *\/\n.elementor-widget-image{text-align:center}.elementor-widget-image a{display:inline-block}.elementor-widget-image a img[src$=\".svg\"]{width:48px}.elementor-widget-image img{vertical-align:middle;display:inline-block}<\/style>\n<p>\t\t\t\t\t\t\t\t\t\t\t\t<img width=\"1600\" height=\"1073\" src=\"https:\/\/www.dlasl.es\/es\/wp-content\/uploads\/2023\/01\/Evitar-la-infeccion-de-la-Tina-del-Cuero-Cabelludo.webp\" class=\"attachment-full size-full\" alt=\"ti\u00f1a del cuero cabelludo (tinea capitis)\" loading=\"lazy\" srcset=\"https:\/\/www.dlasl.es\/es\/wp-content\/uploads\/2023\/01\/Evitar-la-infeccion-de-la-Tina-del-Cuero-Cabelludo.webp 1600w, https:\/\/www.dlasl.es\/es\/wp-content\/uploads\/2023\/01\/Evitar-la-infeccion-de-la-Tina-del-Cuero-Cabelludo-300x201.webp 300w, https:\/\/www.dlasl.es\/es\/wp-content\/uploads\/2023\/01\/Evitar-la-infeccion-de-la-Tina-del-Cuero-Cabelludo-1024x687.webp 1024w, https:\/\/www.dlasl.es\/es\/wp-content\/uploads\/2023\/01\/Evitar-la-infeccion-de-la-Tina-del-Cuero-Cabelludo-768x515.webp 768w, https:\/\/www.dlasl.es\/es\/wp-content\/uploads\/2023\/01\/Evitar-la-infeccion-de-la-Tina-del-Cuero-Cabelludo-1536x1030.webp 1536w\" sizes=\"(max-width: 1600px) 100vw, 1600px\" \/>\t\t\t\t\t\t\t\t\t\t\t\t\t\t\t<\/div>\n<\/p><\/div>\n<div class=\"elementor-element elementor-element-9ade969 elementor-widget elementor-widget-text-editor\" data-id=\"9ade969\" data-element_type=\"widget\" data-widget_type=\"text-editor.default\">\n<div class=\"elementor-widget-container\">\n<style>\/*! elementor - v3.7.8 - 02-10-2022 *\/\n.elementor-widget-text-editor.elementor-drop-cap-view-stacked .elementor-drop-cap{background-color:#818a91;color:#fff}.elementor-widget-text-editor.elementor-drop-cap-view-framed .elementor-drop-cap{color:#818a91;border:3px solid;background-color:transparent}.elementor-widget-text-editor:not(.elementor-drop-cap-view-default) .elementor-drop-cap{margin-top:8px}.elementor-widget-text-editor:not(.elementor-drop-cap-view-default) .elementor-drop-cap-letter{width:1em;height:1em}.elementor-widget-text-editor .elementor-drop-cap{float:left;text-align:center;line-height:1;font-size:50px}.elementor-widget-text-editor .elementor-drop-cap-letter{display:inline-block}<\/style>\n<p><strong>La ti\u00f1a del cuero cabelludo<\/strong> (tinea capitis) es una erupci\u00f3n cut\u00e1nea causada por una infecci\u00f3n mic\u00f3tica. Suele provocar picaz\u00f3n, descamaci\u00f3n y zonas de calvicie en la cabeza.<\/p>\n<p><strong>La ti\u00f1a de cuero cabelludo<\/strong> es causada por el hongo <strong>Trichophyton tonsurans de la familia Arthrodermataceae<\/strong>,\u00a0 se puede transmitir de persona a persona por contacto muy directo o por el contacto con superficies o utensilios que pueden contener esporas del hongo.<\/p>\n<p>\u00a0Los expertos se\u00f1alan entre otras causas a las\u00a0<strong>maquinillas el\u00e9ctricas utilizadas en las peluquer\u00edas<\/strong> como posible v\u00eda de contagio.<\/p>\n<p>Por tanto para evitar la infecci\u00f3n de <strong>la ti\u00f1a del cuero cabelludo<\/strong> hay que eliminarlo desinfectando con un producto que cumpla la <a href=\"https:\/\/www.sanidad.gob.es\/fr\/ciudadanos\/saludAmbLaboral\/prodQuimicos\/sustPreparatorias\/docs_biocidas\/requisitosnacional.htm#:~:text=Norma%20UNE%2DEN%2013697%3A2015,el%20hogar%20y%20en%20colectividad.\"><strong>NORMA UNE-EN 13697<\/strong><\/a> como fungicida, adem\u00e1s como se aplicar\u00e1 sobre un aparato el\u00e9ctrico necesitamos un producto de r\u00e1pido secado.<\/p>\n<\/p><\/div>\n<\/p><\/div>\n<div class=\"elementor-element elementor-element-2646583 elementor-widget elementor-widget-text-editor\" data-id=\"2646583\" data-element_type=\"widget\" data-widget_type=\"text-editor.default\">\n<div class=\"elementor-widget-container\">\n<h2><strong>Desinfectantes\u00a0DESCOL\u00a0y\u00a0XEBAC<\/strong><\/h2>\n<p>Las\u00a0 mejores alternativas serian nuestros <strong>desinfectantes DESCOL y XEBAC<\/strong> que puedes encontrar en nuestra <a href=\"https:\/\/www.dlasl.es\/es\/descarga-de-catalogos-de-quimicos\/\">secci\u00f3n de cat\u00e1logos de Qu\u00edmicos de limpieza industrial de QUIMXEL<\/a>.<\/p>\n<p><strong>DESCOL de Quimxel<\/strong> es un desinfectante Hidroalcoh\u00f3lico que posee como principio activo biocida, una combinaci\u00f3n de amina terciaria y un glicol \u00e9ter en soluci\u00f3n hidroalcoh\u00f3lica.<\/p>\n<p>Tiene propiedades viricidas, bactericidas y fungicidas. Incluida la listeria. Se utiliza para la desinfecci\u00f3n de cualquier tipo de superficie (sint\u00e9tica, textil, inox, etc.), en todo tipo de establecimientos, incluida la industria alimentaria. Por su composici\u00f3n es de r\u00e1pido secado. Es efectivo en presencia de materia org\u00e1nica y de gran rapidez de acci\u00f3n adem\u00e1s es apto para la industria alimentaria.<\/p>\n<p><a href=\"https:\/\/www.dlasl.es\/es\/wp-content\/uploads\/2023\/01\/desinfectar-maquinas-de-pelar.webp\"><img loading=\"lazy\" class=\"alignnone size-full wp-image-1989\" src=\"https:\/\/www.dlasl.es\/es\/wp-content\/uploads\/2023\/01\/desinfectar-maquinas-de-pelar.webp\" alt=\"Desinfectar maquinas y utensilios de peluquer\u00eda\" width=\"1600\" height=\"1073\" srcset=\"https:\/\/www.dlasl.es\/es\/wp-content\/uploads\/2023\/01\/desinfectar-maquinas-de-pelar.webp 1600w, https:\/\/www.dlasl.es\/es\/wp-content\/uploads\/2023\/01\/desinfectar-maquinas-de-pelar-300x201.webp 300w, https:\/\/www.dlasl.es\/es\/wp-content\/uploads\/2023\/01\/desinfectar-maquinas-de-pelar-1024x687.webp 1024w, https:\/\/www.dlasl.es\/es\/wp-content\/uploads\/2023\/01\/desinfectar-maquinas-de-pelar-768x515.webp 768w, https:\/\/www.dlasl.es\/es\/wp-content\/uploads\/2023\/01\/desinfectar-maquinas-de-pelar-1536x1030.webp 1536w\" sizes=\"(max-width: 1600px) 100vw, 1600px\" \/><\/a><\/p>\n<p><strong>XEBAC de Quimxel<\/strong> es multiusos desinfectante bactericida, fungicida, levuricida y viricida es un limpiador desinfectante perfumado, listo al uso, de aplicaci\u00f3n en el \u00e1mbito p\u00fablico y privado.<\/p>\n<p>Puede utilizarse en todo tipo de superficies lavables de cualquier establecimiento (horeca, colegios, geri\u00e1tricos, etc.) y es apto para la industria alimentaria.<\/p>\n<p>Si quieres adquirir alguno de estos productos o si tienes alguna duda sobre su uso o aplicaci\u00f3n no dudes en contactar con nosotros.<\/p>\n<h4>Estamos a su disposici\u00f3n en:\u00a0<a class=\"enlace-header\" href=\"tel:+34954675096\">954 675 096<\/a> \/ <a class=\"enlace-header\" href=\"tel:+34605153765\">605 153 765<\/a> \/ <a class=\"enlace-header\" href=\"tel:+34659259244\">659 259 244<\/a><\/h4>\n<h4>Y mediante el siguiente formulario:<\/h4>\n<\/p><\/div>\n<\/p><\/div>\n<div class=\"elementor-element elementor-element-72b6aac elementor-widget elementor-widget-shortcode\" data-id=\"72b6aac\" data-element_type=\"widget\" data-widget_type=\"shortcode.default\">\n<div class=\"elementor-widget-container\">\n<div class=\"elementor-shortcode\">\n<div class=\"wpcf7 no-js\" id=\"wpcf7-f1095-o1\" lang=\"es-ES\" dir=\"ltr\">\n<div class=\"screen-reader-response\">\n<p role=\"status\" aria-live=\"polite\" aria-atomic=\"true\">\n<ul><\/ul>\n<\/div>\n<form action=\"\/es\/wp-json\/wp\/v2\/posts\/1985#wpcf7-f1095-o1\" method=\"post\" class=\"wpcf7-form init\" aria-label=\"Formulario de contacto\" novalidate=\"novalidate\" data-status=\"init\">\n<div style=\"display: none;\">\n<input type=\"hidden\" name=\"_wpcf7\" value=\"1095\" \/><br \/>\n<input type=\"hidden\" name=\"_wpcf7_version\" value=\"5.7.6\" \/><br \/>\n<input type=\"hidden\" name=\"_wpcf7_locale\" value=\"es_ES\" \/><br \/>\n<input type=\"hidden\" name=\"_wpcf7_unit_tag\" value=\"wpcf7-f1095-o1\" \/><br \/>\n<input type=\"hidden\" name=\"_wpcf7_container_post\" value=\"0\" \/><br \/>\n<input type=\"hidden\" name=\"_wpcf7_posted_data_hash\" value=\"\" \/><br \/>\n<input type=\"hidden\" name=\"_wpcf7_recaptcha_response\" value=\"\" \/>\n<\/div>\n<p><span class=\"wpcf7-form-control-wrap\" data-name=\"your-name\"><input size=\"40\" class=\"wpcf7-form-control wpcf7-text wpcf7-validates-as-required formulario\" aria-required=\"true\" aria-invalid=\"false\" placeholder=\"Nombre (*)\" value=\"\" type=\"text\" name=\"your-name\" \/><\/span>\n<\/p>\n<p><span class=\"wpcf7-form-control-wrap\" data-name=\"your-email\"><input size=\"40\" class=\"wpcf7-form-control wpcf7-text wpcf7-email wpcf7-validates-as-required wpcf7-validates-as-email formulario\" aria-required=\"true\" aria-invalid=\"false\" placeholder=\"Email (*)\" value=\"\" type=\"email\" name=\"your-email\" \/><\/span>\n<\/p>\n<p><span class=\"wpcf7-form-control-wrap\" data-name=\"tel-165\"><input size=\"40\" class=\"wpcf7-form-control wpcf7-text wpcf7-tel wpcf7-validates-as-tel formulario\" aria-invalid=\"false\" placeholder=\"Tel\u00e9fono\" value=\"\" type=\"tel\" name=\"tel-165\" \/><\/span>\n<\/p>\n<p><span class=\"wpcf7-form-control-wrap\" data-name=\"your-subject\"><input size=\"40\" class=\"wpcf7-form-control wpcf7-text formulario\" aria-invalid=\"false\" placeholder=\"Asunto\" value=\"\" type=\"text\" name=\"your-subject\" \/><\/span>\n<\/p>\n<p>\u00bfPuedes indicarnos sobre qu\u00e9 servicio quieres informaci\u00f3n?\n<\/p>\n<p><span class=\"wpcf7-form-control-wrap\" data-name=\"servicio\"><select class=\"wpcf7-form-control wpcf7-select formulario\" aria-invalid=\"false\" name=\"servicio\"><option value=\"Menaje para Hosteler\u00eda\">Menaje para Hosteler\u00eda<\/option><option value=\"Productos de Limpieza\">Productos de Limpieza<\/option><option value=\"Suministros de Lavander\u00eda\">Suministros de Lavander\u00eda<\/option><option value=\"Limpieza y Automoci\u00f3n\">Limpieza y Automoci\u00f3n<\/option><\/select><\/span>\n<\/p>\n<p>Para qu\u00e9 sector es la informaci\u00f3n que necesitas?\n<\/p>\n<p><span class=\"wpcf7-form-control-wrap\" data-name=\"sector\"><select class=\"wpcf7-form-control wpcf7-select formulario\" aria-invalid=\"false\" name=\"sector\"><option value=\"Empresas de Restauraci\u00f3n\">Empresas de Restauraci\u00f3n<\/option><option value=\"Empresas de Limpieza\">Empresas de Limpieza<\/option><option value=\"Empresas de Sanitarias\">Empresas de Sanitarias<\/option><option value=\"Lavander\u00edas\">Lavander\u00edas<\/option><option value=\"Empresas de Automoci\u00f3n\">Empresas de Automoci\u00f3n<\/option><option value=\"Otro\">Otro<\/option><\/select><\/span>\n<\/p>\n<p><span class=\"wpcf7-form-control-wrap\" data-name=\"your-message\"><textarea cols=\"40\" rows=\"6\" class=\"wpcf7-form-control wpcf7-textarea formulario\" aria-invalid=\"false\" placeholder=\"Mensaje\" name=\"your-message\"><\/textarea><\/span>\n<\/p>\n<p><span class=\"wpcf7-form-control-wrap\" data-name=\"checkbox-673\"><span class=\"wpcf7-form-control wpcf7-checkbox\"><span class=\"wpcf7-list-item first last\"><input type=\"checkbox\" name=\"checkbox-673[]\" value=\"Deseo recibir informaci\u00f3n sobre noticias, ofertas y promociones de DLA\" \/><span class=\"wpcf7-list-item-label\">Deseo recibir informaci\u00f3n sobre noticias, ofertas y promociones de DLA<\/span><\/span><\/span><\/span>\n<\/p>\n<p><span class=\"wpcf7-form-control-wrap\" data-name=\"acceptance-929\"><span class=\"wpcf7-form-control wpcf7-acceptance\"><span class=\"wpcf7-list-item\"><input type=\"checkbox\" name=\"acceptance-929\" value=\"1\" aria-invalid=\"false\" \/><\/span><\/span><\/span> He le\u00eddo y acepto la pol\u00edtica de privacidad.\n<\/p>\n<p>De conformidad con las normativas de protecci\u00f3n de datos, le facilitamos la siguiente informaci\u00f3n del tratamiento:\n<\/p>\n<p>Responsable: DIAZAHARESOL, S.L.<br \/>\nFines del tratamiento: tramitar encargos, solicitudes, dar respuesta a las consultas o cualquier petici\u00f3n que sea realizada por el USUARIO a trav\u00e9s del formulario de contacto que se pone a disposici\u00f3n en la p\u00e1gina web del RESPONSABLE y enviar comunicaciones de productos o servicios.\n<\/p>\n<p>Derechos que le asisten: acceso, rectificaci\u00f3n, portabilidad, supresi\u00f3n, limitaci\u00f3n y oposici\u00f3n<br \/>\nM\u00e1s informaci\u00f3n del tratamiento en la <a href=\"https:\/\/www.dlasl.es\/es\/politica-de-privacidad-2\/\" target=\"_blank\">Pol\u00edtica de privacidad.<\/a>\n<\/p>\n<p><input class=\"wpcf7-form-control has-spinner wpcf7-submit button\" type=\"submit\" value=\"Enviar\" \/>\n<\/p>\n<p style=\"display: none !important;\"><label>&#916;<textarea name=\"_wpcf7_ak_hp_textarea\" cols=\"45\" rows=\"8\" maxlength=\"100\"><\/textarea><\/label><input type=\"hidden\" id=\"ak_js_1\" name=\"_wpcf7_ak_js\" value=\"53\"\/><script>document.getElementById( \"ak_js_1\" ).setAttribute( \"value\", ( new Date() ).getTime() );<\/script><\/p>\n<div class=\"wpcf7-response-output\" aria-hidden=\"true\"><\/div>\n<\/form>\n<\/div>\n<\/div><\/div>\n<\/p><\/div>\n<\/p><\/div>\n<\/p><\/div>\n<div class=\"elementor-column elementor-col-33 elementor-top-column elementor-element elementor-element-abce8ff\" data-id=\"abce8ff\" data-element_type=\"column\">\n<div class=\"elementor-widget-wrap elementor-element-populated\">\n<div class=\"elementor-element elementor-element-0c1f49d elementor-widget elementor-widget-sidebar\" data-id=\"0c1f49d\" data-element_type=\"widget\" data-widget_type=\"sidebar.default\">\n<div class=\"elementor-widget-container\">\n<aside id=\"search-3\" class=\"widget widget_search\">\n<h2 class=\"widget-title\">Buscar<\/h2>\n<form class=\"search\" method=\"get\" name=\"searchform\" action=\"https:\/\/www.dlasl.es\/es\/\">\n\t<input name=\"s\" type=\"text\" value=\"\" \/><br \/>\n\t<input class=\"search-button\" type=\"submit\" value=\"\" \/><br \/>\n<\/form>\n<\/aside>\n<aside id=\"categories-2\" class=\"widget widget_categories\">\n<h2 class=\"widget-title\">Categor\u00edas<\/h2>\n<ul>\n<li class=\"cat-item cat-item-4\"><a href=\"https:\/\/www.dlasl.es\/es\/category\/hosteleria\/\">Hosteler\u00eda<\/a>\n<\/li>\n<li class=\"cat-item cat-item-6\"><a href=\"https:\/\/www.dlasl.es\/es\/category\/lavanderia\/\">Lavander\u00eda<\/a>\n<\/li>\n<li class=\"cat-item cat-item-5\"><a href=\"https:\/\/www.dlasl.es\/es\/category\/limpieza\/\">Limpieza<\/a>\n<\/li>\n<li class=\"cat-item cat-item-1\"><a href=\"https:\/\/www.dlasl.es\/es\/category\/sin-categoria\/\">Sin categor\u00eda<\/a>\n<\/li>\n<\/ul>\n<\/aside>\n<aside id=\"tag_cloud-2\" class=\"widget widget_tag_cloud\">\n<h2 class=\"widget-title\">Etiquetas<\/h2>\n<div class=\"tagcloud\"><a href=\"https:\/\/www.dlasl.es\/es\/tag\/alimentos\/\" class=\"tag-cloud-link tag-link-188 tag-link-position-1\" style=\"font-size: 8pt;\" aria-label=\"Alimentos (1 elemento)\">Alimentos<\/a><br \/>\n<a href=\"https:\/\/www.dlasl.es\/es\/tag\/bares\/\" class=\"tag-cloud-link tag-link-23 tag-link-position-2\" style=\"font-size: 16.75pt;\" aria-label=\"Bares (3 elementos)\">Bares<\/a><br \/>\n<a href=\"https:\/\/www.dlasl.es\/es\/tag\/cocina-industrial\/\" class=\"tag-cloud-link tag-link-216 tag-link-position-3\" style=\"font-size: 13.25pt;\" aria-label=\"cocina industrial (2 elementos)\">cocina industrial<\/a><br \/>\n<a href=\"https:\/\/www.dlasl.es\/es\/tag\/cocina-profesional\/\" class=\"tag-cloud-link tag-link-215 tag-link-position-4\" style=\"font-size: 13.25pt;\" aria-label=\"cocina profesional (2 elementos)\">cocina profesional<\/a><br \/>\n<a href=\"https:\/\/www.dlasl.es\/es\/tag\/cosamo\/\" class=\"tag-cloud-link tag-link-211 tag-link-position-5\" style=\"font-size: 8pt;\" aria-label=\"Cosamo (1 elemento)\">Cosamo<\/a><br \/>\n<a href=\"https:\/\/www.dlasl.es\/es\/tag\/decoracion\/\" class=\"tag-cloud-link tag-link-219 tag-link-position-6\" style=\"font-size: 8pt;\" aria-label=\"decoraci\u00f3n (1 elemento)\">decoraci\u00f3n<\/a><br \/>\n<a href=\"https:\/\/www.dlasl.es\/es\/tag\/desinfectantes\/\" class=\"tag-cloud-link tag-link-204 tag-link-position-7\" style=\"font-size: 8pt;\" aria-label=\"Desinfectantes (1 elemento)\">Desinfectantes<\/a><br \/>\n<a href=\"https:\/\/www.dlasl.es\/es\/tag\/detergentes\/\" class=\"tag-cloud-link tag-link-202 tag-link-position-8\" style=\"font-size: 8pt;\" aria-label=\"Detergentes (1 elemento)\">Detergentes<\/a><br \/>\n<a href=\"https:\/\/www.dlasl.es\/es\/tag\/detergentes-en-polvo\/\" class=\"tag-cloud-link tag-link-200 tag-link-position-9\" style=\"font-size: 8pt;\" aria-label=\"Detergentes en polvo (1 elemento)\">Detergentes en polvo<\/a><br \/>\n<a href=\"https:\/\/www.dlasl.es\/es\/tag\/detergentes-liquidos\/\" class=\"tag-cloud-link tag-link-201 tag-link-position-10\" style=\"font-size: 8pt;\" aria-label=\"Detergentes l\u00edquidos (1 elemento)\">Detergentes l\u00edquidos<\/a><br \/>\n<a href=\"https:\/\/www.dlasl.es\/es\/tag\/diseno\/\" class=\"tag-cloud-link tag-link-218 tag-link-position-11\" style=\"font-size: 8pt;\" aria-label=\"dise\u00f1o (1 elemento)\">dise\u00f1o<\/a><br \/>\n<a href=\"https:\/\/www.dlasl.es\/es\/tag\/envases-y-bandejas-foan\/\" class=\"tag-cloud-link tag-link-212 tag-link-position-12\" style=\"font-size: 8pt;\" aria-label=\"envases y bandejas foan (1 elemento)\">envases y bandejas foan<\/a><br \/>\n<a href=\"https:\/\/www.dlasl.es\/es\/tag\/etiquetado\/\" class=\"tag-cloud-link tag-link-25 tag-link-position-13\" style=\"font-size: 13.25pt;\" aria-label=\"Etiquetado (2 elementos)\">Etiquetado<\/a><br \/>\n<a href=\"https:\/\/www.dlasl.es\/es\/tag\/fungicida\/\" class=\"tag-cloud-link tag-link-206 tag-link-position-14\" style=\"font-size: 8pt;\" aria-label=\"fungicida (1 elemento)\">fungicida<\/a><br \/>\n<a href=\"https:\/\/www.dlasl.es\/es\/tag\/gastrobar\/\" class=\"tag-cloud-link tag-link-24 tag-link-position-15\" style=\"font-size: 8pt;\" aria-label=\"Gastrobar (1 elemento)\">Gastrobar<\/a><br \/>\n<a href=\"https:\/\/www.dlasl.es\/es\/tag\/gres\/\" class=\"tag-cloud-link tag-link-20 tag-link-position-16\" style=\"font-size: 13.25pt;\" aria-label=\"Gres (2 elementos)\">Gres<\/a><br \/>\n<a href=\"https:\/\/www.dlasl.es\/es\/tag\/lavanderias-industriales\/\" class=\"tag-cloud-link tag-link-203 tag-link-position-17\" style=\"font-size: 8pt;\" aria-label=\"Lavander\u00edas industriales (1 elemento)\">Lavander\u00edas industriales<\/a><br \/>\n<a href=\"https:\/\/www.dlasl.es\/es\/tag\/limpieza-de-banos\/\" class=\"tag-cloud-link tag-link-11 tag-link-position-18\" style=\"font-size: 13.25pt;\" aria-label=\"Limpieza de ba\u00f1os (2 elementos)\">Limpieza de ba\u00f1os<\/a><br \/>\n<a href=\"https:\/\/www.dlasl.es\/es\/tag\/limpieza-de-restaurantes\/\" class=\"tag-cloud-link tag-link-10 tag-link-position-19\" style=\"font-size: 16.75pt;\" aria-label=\"Limpieza de restaurantes (3 elementos)\">Limpieza de restaurantes<\/a><br \/>\n<a href=\"https:\/\/www.dlasl.es\/es\/tag\/maquinaria-para-hosteleria\/\" class=\"tag-cloud-link tag-link-214 tag-link-position-20\" style=\"font-size: 13.25pt;\" aria-label=\"maquinaria para hosteler\u00eda (2 elementos)\">maquinaria para hosteler\u00eda<\/a><br \/>\n<a href=\"https:\/\/www.dlasl.es\/es\/tag\/material-de-cocina\/\" class=\"tag-cloud-link tag-link-213 tag-link-position-21\" style=\"font-size: 13.25pt;\" aria-label=\"material de cocina (2 elementos)\">material de cocina<\/a><br \/>\n<a href=\"https:\/\/www.dlasl.es\/es\/tag\/material-de-limpieza\/\" class=\"tag-cloud-link tag-link-9 tag-link-position-22\" style=\"font-size: 16.75pt;\" aria-label=\"Material de limpieza (3 elementos)\">Material de limpieza<\/a><br \/>\n<a href=\"https:\/\/www.dlasl.es\/es\/tag\/material-de-un-solo-uso\/\" class=\"tag-cloud-link tag-link-209 tag-link-position-23\" style=\"font-size: 8pt;\" aria-label=\"material de un solo uso (1 elemento)\">material de un solo uso<\/a><br \/>\n<a href=\"https:\/\/www.dlasl.es\/es\/tag\/materiales-en-contacto-con-alimentos\/\" class=\"tag-cloud-link tag-link-187 tag-link-position-24\" style=\"font-size: 8pt;\" aria-label=\"Materiales en Contacto con Alimentos (1 elemento)\">Materiales en Contacto con Alimentos<\/a><br \/>\n<a href=\"https:\/\/www.dlasl.es\/es\/tag\/menaje-hosteleria\/\" class=\"tag-cloud-link tag-link-12 tag-link-position-25\" style=\"font-size: 22pt;\" aria-label=\"Menaje hosteler\u00eda (5 elementos)\">Menaje hosteler\u00eda<\/a><br \/>\n<a href=\"https:\/\/www.dlasl.es\/es\/tag\/normativa\/\" class=\"tag-cloud-link tag-link-26 tag-link-position-26\" style=\"font-size: 13.25pt;\" aria-label=\"Normativa (2 elementos)\">Normativa<\/a><br \/>\n<a href=\"https:\/\/www.dlasl.es\/es\/tag\/pizarra\/\" class=\"tag-cloud-link tag-link-21 tag-link-position-27\" style=\"font-size: 8pt;\" aria-label=\"Pizarra (1 elemento)\">Pizarra<\/a><br \/>\n<a href=\"https:\/\/www.dlasl.es\/es\/tag\/platos\/\" class=\"tag-cloud-link tag-link-15 tag-link-position-28\" style=\"font-size: 8pt;\" aria-label=\"Platos (1 elemento)\">Platos<\/a><br \/>\n<a href=\"https:\/\/www.dlasl.es\/es\/tag\/porcelana\/\" class=\"tag-cloud-link tag-link-18 tag-link-position-29\" style=\"font-size: 8pt;\" aria-label=\"Porcelana (1 elemento)\">Porcelana<\/a><br \/>\n<a href=\"https:\/\/www.dlasl.es\/es\/tag\/productos-de-limpieza\/\" class=\"tag-cloud-link tag-link-8 tag-link-position-30\" style=\"font-size: 22pt;\" aria-label=\"Productos de limpieza (5 elementos)\">Productos de limpieza<\/a><br \/>\n<a href=\"https:\/\/www.dlasl.es\/es\/tag\/quimxel\/\" class=\"tag-cloud-link tag-link-205 tag-link-position-31\" style=\"font-size: 8pt;\" aria-label=\"Quimxel (1 elemento)\">Quimxel<\/a><br \/>\n<a href=\"https:\/\/www.dlasl.es\/es\/tag\/restauracion\/\" class=\"tag-cloud-link tag-link-17 tag-link-position-32\" style=\"font-size: 8pt;\" aria-label=\"Restauraci\u00f3n (1 elemento)\">Restauraci\u00f3n<\/a><br \/>\n<a href=\"https:\/\/www.dlasl.es\/es\/tag\/restaurantes\/\" class=\"tag-cloud-link tag-link-22 tag-link-position-33\" style=\"font-size: 8pt;\" aria-label=\"Restaurantes (1 elemento)\">Restaurantes<\/a><br \/>\n<a href=\"https:\/\/www.dlasl.es\/es\/tag\/vajillas\/\" class=\"tag-cloud-link tag-link-14 tag-link-position-34\" style=\"font-size: 16.75pt;\" aria-label=\"Vajillas (3 elementos)\">Vajillas<\/a><br \/>\n<a href=\"https:\/\/www.dlasl.es\/es\/tag\/vajillas-para-hosteleria\/\" class=\"tag-cloud-link tag-link-13 tag-link-position-35\" style=\"font-size: 16.75pt;\" aria-label=\"Vajillas para hosteler\u00eda (3 elementos)\">Vajillas para hosteler\u00eda<\/a><br \/>\n<a href=\"https:\/\/www.dlasl.es\/es\/tag\/vasos\/\" class=\"tag-cloud-link tag-link-16 tag-link-position-36\" style=\"font-size: 8pt;\" aria-label=\"Vasos (1 elemento)\">Vasos<\/a><br \/>\n<a href=\"https:\/\/www.dlasl.es\/es\/tag\/vasos-de-plastico\/\" class=\"tag-cloud-link tag-link-210 tag-link-position-37\" style=\"font-size: 8pt;\" aria-label=\"vasos de pl\u00e1stico (1 elemento)\">vasos de pl\u00e1stico<\/a><br \/>\n<a href=\"https:\/\/www.dlasl.es\/es\/tag\/vidrio\/\" class=\"tag-cloud-link tag-link-19 tag-link-position-38\" style=\"font-size: 13.25pt;\" aria-label=\"Vidrio (2 elementos)\">Vidrio<\/a><br \/>\n<a href=\"https:\/\/www.dlasl.es\/es\/tag\/vinoteca\/\" class=\"tag-cloud-link tag-link-217 tag-link-position-39\" style=\"font-size: 8pt;\" aria-label=\"Vinoteca (1 elemento)\">Vinoteca<\/a><\/div>\n<\/aside><\/div>\n<\/p><\/div>\n<\/p><\/div>\n<\/p><\/div>\n<\/p><\/div>\n<\/section><\/div>\n","protected":false},"excerpt":{"rendered":"<p>La ti\u00f1a del cuero cabelludo (tinea capitis) es una erupci\u00f3n cut\u00e1nea causada por una infecci\u00f3n mic\u00f3tica. Suele provocar picaz\u00f3n, descamaci\u00f3n y zonas de calvicie en la cabeza. La ti\u00f1a de cuero cabelludo es causada por el hongo Trichophyton tonsurans de la familia Arthrodermataceae,\u00a0 se puede transmitir de persona a persona por contacto muy directo o [&hellip;]<\/p>\n","protected":false},"author":3,"featured_media":1987,"comment_status":"closed","ping_status":"closed","sticky":false,"template":"","format":"standard","meta":{"_joinchat":[]},"categories":[5],"tags":[204,206,8,205],"yoast_head":"<!-- This site is optimized with the Yoast SEO plugin v20.6 - https:\/\/yoast.com\/wordpress\/plugins\/seo\/ -->\n<title>C\u00f3mo evitar la infecci\u00f3n de la Ti\u00f1a del Cuero Cabelludo - DLA<\/title>\n<meta name=\"description\" content=\"Para evitar la infecci\u00f3n de la Ti\u00f1a del Cuero Cabelludo hay que eliminar el hongo que la provoca con un producto fungicida como DESCOL y XEBAC\" \/>\n<meta name=\"robots\" content=\"index, follow, max-snippet:-1, max-image-preview:large, max-video-preview:-1\" \/>\n<link rel=\"canonical\" href=\"https:\/\/www.dlasl.es\/es\/como-evitar-la-infeccion-de-la-tina-del-cuero-cabelludo\/\" \/>\n<meta property=\"og:locale\" content=\"es_ES\" \/>\n<meta property=\"og:type\" content=\"article\" \/>\n<meta property=\"og:title\" content=\"C\u00f3mo evitar la infecci\u00f3n de la Ti\u00f1a del Cuero Cabelludo - DLA\" \/>\n<meta property=\"og:description\" content=\"Para evitar la infecci\u00f3n de la Ti\u00f1a del Cuero Cabelludo hay que eliminar el hongo que la provoca con un producto fungicida como DESCOL y XEBAC\" \/>\n<meta property=\"og:url\" content=\"https:\/\/www.dlasl.es\/es\/como-evitar-la-infeccion-de-la-tina-del-cuero-cabelludo\/\" \/>\n<meta property=\"og:site_name\" content=\"DLA - Distribuciones Los Azahares\" \/>\n<meta property=\"article:published_time\" content=\"2023-01-31T13:35:59+00:00\" \/>\n<meta property=\"og:image\" content=\"https:\/\/www.dlasl.es\/es\/wp-content\/uploads\/2023\/01\/Como-evitar-la-infeccion-de-la-Tina-del-Cuero-Cabelludo.webp\" \/>\n\t<meta property=\"og:image:width\" content=\"1600\" \/>\n\t<meta property=\"og:image:height\" content=\"800\" \/>\n\t<meta property=\"og:image:type\" content=\"image\/webp\" \/>\n<meta name=\"author\" content=\"DLA\" \/>\n<meta name=\"twitter:card\" content=\"summary_large_image\" \/>\n<meta name=\"twitter:label1\" content=\"Escrito por\" \/>\n\t<meta name=\"twitter:data1\" content=\"DLA\" \/>\n\t<meta name=\"twitter:label2\" content=\"Tiempo de lectura\" \/>\n\t<meta name=\"twitter:data2\" content=\"2 minutos\" \/>\n<script type=\"application\/ld+json\" class=\"yoast-schema-graph\">{\"@context\":\"https:\/\/schema.org\",\"@graph\":[{\"@type\":\"WebPage\",\"@id\":\"https:\/\/www.dlasl.es\/es\/como-evitar-la-infeccion-de-la-tina-del-cuero-cabelludo\/\",\"url\":\"https:\/\/www.dlasl.es\/es\/como-evitar-la-infeccion-de-la-tina-del-cuero-cabelludo\/\",\"name\":\"C\u00f3mo evitar la infecci\u00f3n de la Ti\u00f1a del Cuero Cabelludo - DLA\",\"isPartOf\":{\"@id\":\"https:\/\/www.dlasl.es\/es\/#website\"},\"datePublished\":\"2023-01-31T13:35:59+00:00\",\"dateModified\":\"2023-01-31T13:35:59+00:00\",\"author\":{\"@id\":\"https:\/\/www.dlasl.es\/es\/#\/schema\/person\/4e4821fd8d3d759e4cbc3753ee666b2c\"},\"description\":\"Para evitar la infecci\u00f3n de la Ti\u00f1a del Cuero Cabelludo hay que eliminar el hongo que la provoca con un producto fungicida como DESCOL y XEBAC\",\"breadcrumb\":{\"@id\":\"https:\/\/www.dlasl.es\/es\/como-evitar-la-infeccion-de-la-tina-del-cuero-cabelludo\/#breadcrumb\"},\"inLanguage\":\"es\",\"potentialAction\":[{\"@type\":\"ReadAction\",\"target\":[\"https:\/\/www.dlasl.es\/es\/como-evitar-la-infeccion-de-la-tina-del-cuero-cabelludo\/\"]}]},{\"@type\":\"BreadcrumbList\",\"@id\":\"https:\/\/www.dlasl.es\/es\/como-evitar-la-infeccion-de-la-tina-del-cuero-cabelludo\/#breadcrumb\",\"itemListElement\":[{\"@type\":\"ListItem\",\"position\":1,\"name\":\"Portada\",\"item\":\"https:\/\/www.dlasl.es\/es\/\"},{\"@type\":\"ListItem\",\"position\":2,\"name\":\"C\u00f3mo evitar la infecci\u00f3n de la Ti\u00f1a del Cuero Cabelludo\"}]},{\"@type\":\"WebSite\",\"@id\":\"https:\/\/www.dlasl.es\/es\/#website\",\"url\":\"https:\/\/www.dlasl.es\/es\/\",\"name\":\"DLA - Distribuciones Los Azahares\",\"description\":\"\",\"potentialAction\":[{\"@type\":\"SearchAction\",\"target\":{\"@type\":\"EntryPoint\",\"urlTemplate\":\"https:\/\/www.dlasl.es\/es\/?s={search_term_string}\"},\"query-input\":\"required name=search_term_string\"}],\"inLanguage\":\"es\"},{\"@type\":\"Person\",\"@id\":\"https:\/\/www.dlasl.es\/es\/#\/schema\/person\/4e4821fd8d3d759e4cbc3753ee666b2c\",\"name\":\"DLA\",\"image\":{\"@type\":\"ImageObject\",\"inLanguage\":\"es\",\"@id\":\"https:\/\/www.dlasl.es\/es\/#\/schema\/person\/image\/\",\"url\":\"https:\/\/secure.gravatar.com\/avatar\/3473e075056ecdc4a669b9e6dad664ee?s=96&d=mm&r=g\",\"contentUrl\":\"https:\/\/secure.gravatar.com\/avatar\/3473e075056ecdc4a669b9e6dad664ee?s=96&d=mm&r=g\",\"caption\":\"DLA\"},\"url\":\"https:\/\/www.dlasl.es\/es\/author\/monkey\/\"}]}<\/script>\n<!-- \/ Yoast SEO plugin. -->","yoast_head_json":{"title":"C\u00f3mo evitar la infecci\u00f3n de la Ti\u00f1a del Cuero Cabelludo - DLA","description":"Para evitar la infecci\u00f3n de la Ti\u00f1a del Cuero Cabelludo hay que eliminar el hongo que la provoca con un producto fungicida como DESCOL y XEBAC","robots":{"index":"index","follow":"follow","max-snippet":"max-snippet:-1","max-image-preview":"max-image-preview:large","max-video-preview":"max-video-preview:-1"},"canonical":"https:\/\/www.dlasl.es\/es\/como-evitar-la-infeccion-de-la-tina-del-cuero-cabelludo\/","og_locale":"es_ES","og_type":"article","og_title":"C\u00f3mo evitar la infecci\u00f3n de la Ti\u00f1a del Cuero Cabelludo - DLA","og_description":"Para evitar la infecci\u00f3n de la Ti\u00f1a del Cuero Cabelludo hay que eliminar el hongo que la provoca con un producto fungicida como DESCOL y XEBAC","og_url":"https:\/\/www.dlasl.es\/es\/como-evitar-la-infeccion-de-la-tina-del-cuero-cabelludo\/","og_site_name":"DLA - Distribuciones Los Azahares","article_published_time":"2023-01-31T13:35:59+00:00","og_image":[{"width":1600,"height":800,"url":"https:\/\/www.dlasl.es\/es\/wp-content\/uploads\/2023\/01\/Como-evitar-la-infeccion-de-la-Tina-del-Cuero-Cabelludo.webp","type":"image\/webp"}],"author":"DLA","twitter_card":"summary_large_image","twitter_misc":{"Escrito por":"DLA","Tiempo de lectura":"2 minutos"},"schema":{"@context":"https:\/\/schema.org","@graph":[{"@type":"WebPage","@id":"https:\/\/www.dlasl.es\/es\/como-evitar-la-infeccion-de-la-tina-del-cuero-cabelludo\/","url":"https:\/\/www.dlasl.es\/es\/como-evitar-la-infeccion-de-la-tina-del-cuero-cabelludo\/","name":"C\u00f3mo evitar la infecci\u00f3n de la Ti\u00f1a del Cuero Cabelludo - DLA","isPartOf":{"@id":"https:\/\/www.dlasl.es\/es\/#website"},"datePublished":"2023-01-31T13:35:59+00:00","dateModified":"2023-01-31T13:35:59+00:00","author":{"@id":"https:\/\/www.dlasl.es\/es\/#\/schema\/person\/4e4821fd8d3d759e4cbc3753ee666b2c"},"description":"Para evitar la infecci\u00f3n de la Ti\u00f1a del Cuero Cabelludo hay que eliminar el hongo que la provoca con un producto fungicida como DESCOL y XEBAC","breadcrumb":{"@id":"https:\/\/www.dlasl.es\/es\/como-evitar-la-infeccion-de-la-tina-del-cuero-cabelludo\/#breadcrumb"},"inLanguage":"es","potentialAction":[{"@type":"ReadAction","target":["https:\/\/www.dlasl.es\/es\/como-evitar-la-infeccion-de-la-tina-del-cuero-cabelludo\/"]}]},{"@type":"BreadcrumbList","@id":"https:\/\/www.dlasl.es\/es\/como-evitar-la-infeccion-de-la-tina-del-cuero-cabelludo\/#breadcrumb","itemListElement":[{"@type":"ListItem","position":1,"name":"Portada","item":"https:\/\/www.dlasl.es\/es\/"},{"@type":"ListItem","position":2,"name":"C\u00f3mo evitar la infecci\u00f3n de la Ti\u00f1a del Cuero Cabelludo"}]},{"@type":"WebSite","@id":"https:\/\/www.dlasl.es\/es\/#website","url":"https:\/\/www.dlasl.es\/es\/","name":"DLA - Distribuciones Los Azahares","description":"","potentialAction":[{"@type":"SearchAction","target":{"@type":"EntryPoint","urlTemplate":"https:\/\/www.dlasl.es\/es\/?s={search_term_string}"},"query-input":"required name=search_term_string"}],"inLanguage":"es"},{"@type":"Person","@id":"https:\/\/www.dlasl.es\/es\/#\/schema\/person\/4e4821fd8d3d759e4cbc3753ee666b2c","name":"DLA","image":{"@type":"ImageObject","inLanguage":"es","@id":"https:\/\/www.dlasl.es\/es\/#\/schema\/person\/image\/","url":"https:\/\/secure.gravatar.com\/avatar\/3473e075056ecdc4a669b9e6dad664ee?s=96&d=mm&r=g","contentUrl":"https:\/\/secure.gravatar.com\/avatar\/3473e075056ecdc4a669b9e6dad664ee?s=96&d=mm&r=g","caption":"DLA"},"url":"https:\/\/www.dlasl.es\/es\/author\/monkey\/"}]}},"_links":{"self":[{"href":"https:\/\/www.dlasl.es\/es\/wp-json\/wp\/v2\/posts\/1985"}],"collection":[{"href":"https:\/\/www.dlasl.es\/es\/wp-json\/wp\/v2\/posts"}],"about":[{"href":"https:\/\/www.dlasl.es\/es\/wp-json\/wp\/v2\/types\/post"}],"author":[{"embeddable":true,"href":"https:\/\/www.dlasl.es\/es\/wp-json\/wp\/v2\/users\/3"}],"replies":[{"embeddable":true,"href":"https:\/\/www.dlasl.es\/es\/wp-json\/wp\/v2\/comments?post=1985"}],"version-history":[{"count":6,"href":"https:\/\/www.dlasl.es\/es\/wp-json\/wp\/v2\/posts\/1985\/revisions"}],"predecessor-version":[{"id":1994,"href":"https:\/\/www.dlasl.es\/es\/wp-json\/wp\/v2\/posts\/1985\/revisions\/1994"}],"wp:featuredmedia":[{"embeddable":true,"href":"https:\/\/www.dlasl.es\/es\/wp-json\/wp\/v2\/media\/1987"}],"wp:attachment":[{"href":"https:\/\/www.dlasl.es\/es\/wp-json\/wp\/v2\/media?parent=1985"}],"wp:term":[{"taxonomy":"category","embeddable":true,"href":"https:\/\/www.dlasl.es\/es\/wp-json\/wp\/v2\/categories?post=1985"},{"taxonomy":"post_tag","embeddable":true,"href":"https:\/\/www.dlasl.es\/es\/wp-json\/wp\/v2\/tags?post=1985"}],"curies":[{"name":"wp","href":"https:\/\/api.w.org\/{rel}","templated":true}]}}